{"id":3935,"date":"2024-05-23T11:41:00","date_gmt":"2024-05-23T09:41:00","guid":{"rendered":"https:\/\/www.conservasortiz.com\/non-classifiee\/salmorejo-con-caballa-del-sur-ortiz\/"},"modified":"2025-01-14T20:42:32","modified_gmt":"2025-01-14T19:42:32","slug":"salmorejo-au-maquereau-du-sud-de-lespagne","status":"publish","type":"post","link":"https:\/\/www.conservasortiz.com\/fr\/recettes\/salmorejo-au-maquereau-du-sud-de-lespagne\/","title":{"rendered":"Salmorejo (soupe froide) au maquereau du sud de l\u2019Espagne"},"content":{"rendered":"\t\t<div data-elementor-type=\"wp-post\" data-elementor-id=\"3935\" class=\"elementor elementor-3935 elementor-1769\" data-elementor-post-type=\"post\">\n\t\t\t\t<div class=\"elementor-element elementor-element-602a62c e-flex e-con-boxed e-con e-parent\" data-id=\"602a62c\" data-element_type=\"container\" data-e-type=\"container\">\n\t\t\t\t\t<div class=\"e-con-inner\">\n\t\t\t\t<div class=\"elementor-element elementor-element-de3c006 elementor-widget__width-initial elementor-widget elementor-widget-heading\" data-id=\"de3c006\" data-element_type=\"widget\" data-e-type=\"widget\" data-widget_type=\"heading.default\">\n\t\t\t\t<div class=\"elementor-widget-container\">\n\t\t\t\t\t<h1 class=\"elementor-heading-title elementor-size-default\">Salmorejo (soupe froide andalouse) au maquereau du sud de l\u2019Espagne\n<\/h1>\t\t\t\t<\/div>\n\t\t\t\t<\/div>\n\t\t\t\t\t<\/div>\n\t\t\t\t<\/div>\n\t\t<div class=\"elementor-element elementor-element-355da8c e-flex e-con-boxed e-con e-parent\" data-id=\"355da8c\" data-element_type=\"container\" data-e-type=\"container\">\n\t\t\t\t\t<div class=\"e-con-inner\">\n\t\t\t\t<div class=\"elementor-element elementor-element-63ceafb elementor-widget elementor-widget-image\" data-id=\"63ceafb\" data-element_type=\"widget\" data-e-type=\"widget\" data-widget_type=\"image.default\">\n\t\t\t\t<div class=\"elementor-widget-container\">\n\t\t\t\t\t\t\t\t\t\t\t\t\t\t\t<img fetchpriority=\"high\" decoding=\"async\" width=\"800\" height=\"369\" src=\"https:\/\/www.conservasortiz.com\/wp-content\/uploads\/2024\/05\/34-Salmorejo-con-caballa-en-aceite-ecologico-copia-1024x472.webp\" class=\"attachment-large size-large wp-image-2091\" alt=\"Zuppa fredda a base di pomodoro con Sgombro Ortiz\" srcset=\"https:\/\/www.conservasortiz.com\/wp-content\/uploads\/2024\/05\/34-Salmorejo-con-caballa-en-aceite-ecologico-copia-1024x472.webp 1024w, https:\/\/www.conservasortiz.com\/wp-content\/uploads\/2024\/05\/34-Salmorejo-con-caballa-en-aceite-ecologico-copia-300x138.webp 300w, https:\/\/www.conservasortiz.com\/wp-content\/uploads\/2024\/05\/34-Salmorejo-con-caballa-en-aceite-ecologico-copia-768x354.webp 768w, https:\/\/www.conservasortiz.com\/wp-content\/uploads\/2024\/05\/34-Salmorejo-con-caballa-en-aceite-ecologico-copia.webp 1088w\" sizes=\"(max-width: 800px) 100vw, 800px\" title=\"\">\t\t\t\t\t\t\t\t\t\t\t\t\t\t\t<\/div>\n\t\t\t\t<\/div>\n\t\t\t\t\t<\/div>\n\t\t\t\t<\/div>\n\t\t<div class=\"elementor-element elementor-element-3377008 e-flex e-con-boxed e-con e-parent\" data-id=\"3377008\" data-element_type=\"container\" data-e-type=\"container\">\n\t\t\t\t\t<div class=\"e-con-inner\">\n\t\t<div class=\"elementor-element elementor-element-44ed38c e-con-full e-flex e-con e-child\" data-id=\"44ed38c\" data-element_type=\"container\" data-e-type=\"container\" data-settings=\"{&quot;background_background&quot;:&quot;classic&quot;}\">\n\t\t\t\t<div class=\"elementor-element elementor-element-ec143f3 elementor-widget elementor-widget-image\" data-id=\"ec143f3\" data-element_type=\"widget\" data-e-type=\"widget\" data-widget_type=\"image.default\">\n\t\t\t\t<div class=\"elementor-widget-container\">\n\t\t\t\t\t\t\t\t\t\t\t\t\t\t\t\t<a href=\"https:\/\/www.conservasortiz.com\/fr\/maquereau-du-sud-de-lespagne-a-lhuile-dolive\/\">\n\t\t\t\t\t\t\t<img decoding=\"async\" width=\"600\" height=\"600\" src=\"https:\/\/www.conservasortiz.com\/wp-content\/uploads\/2024\/05\/filetes-de-caballa-ortiz-aceite-oliva-tarro-250-737000-a.jpg\" class=\"attachment-large size-large wp-image-2397\" alt=\"Caballa del sur aceite de oliva Tarro 250g\" srcset=\"https:\/\/www.conservasortiz.com\/wp-content\/uploads\/2024\/05\/filetes-de-caballa-ortiz-aceite-oliva-tarro-250-737000-a.jpg 600w, https:\/\/www.conservasortiz.com\/wp-content\/uploads\/2024\/05\/filetes-de-caballa-ortiz-aceite-oliva-tarro-250-737000-a-300x300.jpg 300w, https:\/\/www.conservasortiz.com\/wp-content\/uploads\/2024\/05\/filetes-de-caballa-ortiz-aceite-oliva-tarro-250-737000-a-150x150.jpg 150w\" sizes=\"(max-width: 600px) 100vw, 600px\" title=\"\">\t\t\t\t\t\t\t\t<\/a>\n\t\t\t\t\t\t\t\t\t\t\t\t\t\t\t<\/div>\n\t\t\t\t<\/div>\n\t\t\t\t<\/div>\n\t\t<div class=\"elementor-element elementor-element-2379371 e-con-full e-flex e-con e-child\" data-id=\"2379371\" data-element_type=\"container\" data-e-type=\"container\" data-settings=\"{&quot;background_background&quot;:&quot;classic&quot;}\">\n\t\t<div class=\"elementor-element elementor-element-b9d236e e-flex e-con-boxed e-con e-child\" data-id=\"b9d236e\" data-element_type=\"container\" data-e-type=\"container\">\n\t\t\t\t\t<div class=\"e-con-inner\">\n\t\t\t\t<div class=\"elementor-element elementor-element-6c5a97e elementor-widget elementor-widget-text-editor\" data-id=\"6c5a97e\" data-element_type=\"widget\" data-e-type=\"widget\" data-widget_type=\"text-editor.default\">\n\t\t\t\t<div class=\"elementor-widget-container\">\n\t\t\t\t\t\t\t\t\t<p>Ingr\u00e9dients<\/p>\t\t\t\t\t\t\t\t<\/div>\n\t\t\t\t<\/div>\n\t\t\t\t<div class=\"elementor-element elementor-element-b6ca6cc elementor-widget__width-initial elementor-widget-mobile__width-initial elementor-widget elementor-widget-text-editor\" data-id=\"b6ca6cc\" data-element_type=\"widget\" data-e-type=\"widget\" data-widget_type=\"text-editor.default\">\n\t\t\t\t<div class=\"elementor-widget-container\">\n\t\t\t\t\t\t\t\t\t<p style=\"text-align: right;\">4<\/p>\n\t\t\t\t\t\t\t\t<\/div>\n\t\t\t\t<\/div>\n\t\t\t\t<div class=\"elementor-element elementor-element-d8cdf40 elementor-view-default elementor-widget elementor-widget-icon\" data-id=\"d8cdf40\" data-element_type=\"widget\" data-e-type=\"widget\" data-widget_type=\"icon.default\">\n\t\t\t\t<div class=\"elementor-widget-container\">\n\t\t\t\t\t\t\t<div class=\"elementor-icon-wrapper\">\n\t\t\t<div class=\"elementor-icon\">\n\t\t\t<svg aria-hidden=\"true\" class=\"e-font-icon-svg e-fas-user\" viewBox=\"0 0 448 512\" xmlns=\"http:\/\/www.w3.org\/2000\/svg\"><path d=\"M224 256c70.7 0 128-57.3 128-128S294.7 0 224 0 96 57.3 96 128s57.3 128 128 128zm89.6 32h-16.7c-22.2 10.2-46.9 16-72.9 16s-50.6-5.8-72.9-16h-16.7C60.2 288 0 348.2 0 422.4V464c0 26.5 21.5 48 48 48h352c26.5 0 48-21.5 48-48v-41.6c0-74.2-60.2-134.4-134.4-134.4z\"><\/path><\/svg>\t\t\t<\/div>\n\t\t<\/div>\n\t\t\t\t\t\t<\/div>\n\t\t\t\t<\/div>\n\t\t\t\t\t<\/div>\n\t\t\t\t<\/div>\n\t\t\t\t<div class=\"elementor-element elementor-element-876769d elementor-widget elementor-widget-image\" data-id=\"876769d\" data-element_type=\"widget\" data-e-type=\"widget\" data-widget_type=\"image.default\">\n\t\t\t\t<div class=\"elementor-widget-container\">\n\t\t\t\t\t\t\t\t\t\t\t\t\t\t\t<img decoding=\"async\" width=\"477\" height=\"5\" src=\"https:\/\/www.conservasortiz.com\/wp-content\/uploads\/2024\/05\/Recurso-3@2x.png\" class=\"attachment-full size-full wp-image-1878\" alt=\"\" srcset=\"https:\/\/www.conservasortiz.com\/wp-content\/uploads\/2024\/05\/Recurso-3@2x.png 477w, https:\/\/www.conservasortiz.com\/wp-content\/uploads\/2024\/05\/Recurso-3@2x-300x3.png 300w\" sizes=\"(max-width: 477px) 100vw, 477px\" title=\"\">\t\t\t\t\t\t\t\t\t\t\t\t\t\t\t<\/div>\n\t\t\t\t<\/div>\n\t\t\t\t<div class=\"elementor-element elementor-element-bb14b3c elementor-widget elementor-widget-text-editor\" data-id=\"bb14b3c\" data-element_type=\"widget\" data-e-type=\"widget\" data-widget_type=\"text-editor.default\">\n\t\t\t\t<div class=\"elementor-widget-container\">\n\t\t\t\t\t\t\t\t\t<p>Pour 4 personnes<br \/>1 kg de tomates mures<br \/>200 g de pain de la veille<br \/>\u00bd gousse d\u2019ail<br \/>200 ml d\u2019huile d\u2019olive<br \/>2 cuill\u00e8res \u00e0 caf\u00e9 de vinaigre<br \/>Sel<\/p><p>Pour la garniture :<br \/>1 bocal de maquereau du sud de l\u2019Espagne \u00e0 l\u2019huile d\u2019olive Ortiz<br \/>2 tranches de pain grill\u00e9<br \/>2 guindillas<br \/>1 \u0153uf dur<\/p>\t\t\t\t\t\t\t\t<\/div>\n\t\t\t\t<\/div>\n\t\t\t\t<\/div>\n\t\t<div class=\"elementor-element elementor-element-72b3569 e-con-full e-flex e-con e-child\" data-id=\"72b3569\" data-element_type=\"container\" data-e-type=\"container\">\n\t\t<div class=\"elementor-element elementor-element-a2deded e-flex e-con-boxed e-con e-child\" data-id=\"a2deded\" data-element_type=\"container\" data-e-type=\"container\">\n\t\t\t\t\t<div class=\"e-con-inner\">\n\t\t\t\t<div class=\"elementor-element elementor-element-5f24231 elementor-widget elementor-widget-text-editor\" data-id=\"5f24231\" data-element_type=\"widget\" data-e-type=\"widget\" data-widget_type=\"text-editor.default\">\n\t\t\t\t<div class=\"elementor-widget-container\">\n\t\t\t\t\t\t\t\t\t<p>\u00c0 propos de cette recette:<\/p>\t\t\t\t\t\t\t\t<\/div>\n\t\t\t\t<\/div>\n\t\t\t\t\t<\/div>\n\t\t\t\t<\/div>\n\t\t\t\t<div class=\"elementor-element elementor-element-033153f elementor-widget elementor-widget-image\" data-id=\"033153f\" data-element_type=\"widget\" data-e-type=\"widget\" data-widget_type=\"image.default\">\n\t\t\t\t<div class=\"elementor-widget-container\">\n\t\t\t\t\t\t\t\t\t\t\t\t\t\t\t<img decoding=\"async\" width=\"477\" height=\"5\" src=\"https:\/\/www.conservasortiz.com\/wp-content\/uploads\/2024\/05\/Recurso-3@2x.png\" class=\"attachment-full size-full wp-image-1878\" alt=\"\" srcset=\"https:\/\/www.conservasortiz.com\/wp-content\/uploads\/2024\/05\/Recurso-3@2x.png 477w, https:\/\/www.conservasortiz.com\/wp-content\/uploads\/2024\/05\/Recurso-3@2x-300x3.png 300w\" sizes=\"(max-width: 477px) 100vw, 477px\" title=\"\">\t\t\t\t\t\t\t\t\t\t\t\t\t\t\t<\/div>\n\t\t\t\t<\/div>\n\t\t\t\t<div class=\"elementor-element elementor-element-f1f39d5 elementor-widget elementor-widget-text-editor\" data-id=\"f1f39d5\" data-element_type=\"widget\" data-e-type=\"widget\" data-widget_type=\"text-editor.default\">\n\t\t\t\t<div class=\"elementor-widget-container\">\n\t\t\t\t\t\t\t\t\t<p><span style=\"color: #ff0000;\"><span class=\"tit-paso\">Les tomates pour le salmorejo :<\/span>\u00a0<\/span>Comme toute bonne recette de mise en valeur des restes, le salmorejo \u00e9tait \u00e0 l\u2019origine pr\u00e9par\u00e9 avec des tomates trop mures, impossibles \u00e0 servir dans une salade. Par cons\u00e9quent, choisissez toujours les tomates les plus mures, qui sont en plus bien plus savoureuses.<\/p>\t\t\t\t\t\t\t\t<\/div>\n\t\t\t\t<\/div>\n\t\t\t\t<\/div>\n\t\t\t\t\t<\/div>\n\t\t\t\t<\/div>\n\t\t<div class=\"elementor-element elementor-element-b29129b e-flex e-con-boxed e-con e-parent\" data-id=\"b29129b\" data-element_type=\"container\" data-e-type=\"container\">\n\t\t\t\t\t<div class=\"e-con-inner\">\n\t\t<div class=\"elementor-element elementor-element-eed4e4f e-con-full e-flex e-con e-child\" data-id=\"eed4e4f\" data-element_type=\"container\" data-e-type=\"container\">\n\t\t\t\t<div class=\"elementor-element elementor-element-3ebc8cc elementor-widget__width-initial elementor-widget elementor-widget-heading\" data-id=\"3ebc8cc\" data-element_type=\"widget\" data-e-type=\"widget\" data-widget_type=\"heading.default\">\n\t\t\t\t<div class=\"elementor-widget-container\">\n\t\t\t\t\t<h2 class=\"elementor-heading-title elementor-size-default\">Les \u00e9tapes<\/h2>\t\t\t\t<\/div>\n\t\t\t\t<\/div>\n\t\t\t\t<div class=\"elementor-element elementor-element-9ec5369 elementor-widget elementor-widget-image\" data-id=\"9ec5369\" data-element_type=\"widget\" data-e-type=\"widget\" data-widget_type=\"image.default\">\n\t\t\t\t<div class=\"elementor-widget-container\">\n\t\t\t\t\t\t\t\t\t\t\t\t\t\t\t<img decoding=\"async\" width=\"477\" height=\"5\" src=\"https:\/\/www.conservasortiz.com\/wp-content\/uploads\/2024\/05\/Recurso-3@2x.png\" class=\"attachment-full size-full wp-image-1878\" alt=\"\" srcset=\"https:\/\/www.conservasortiz.com\/wp-content\/uploads\/2024\/05\/Recurso-3@2x.png 477w, https:\/\/www.conservasortiz.com\/wp-content\/uploads\/2024\/05\/Recurso-3@2x-300x3.png 300w\" sizes=\"(max-width: 477px) 100vw, 477px\" title=\"\">\t\t\t\t\t\t\t\t\t\t\t\t\t\t\t<\/div>\n\t\t\t\t<\/div>\n\t\t\t\t<\/div>\n\t\t<div class=\"elementor-element elementor-element-1556c56 e-con-full e-flex e-con e-child\" data-id=\"1556c56\" data-element_type=\"container\" data-e-type=\"container\">\n\t\t\t\t<\/div>\n\t\t\t\t\t<\/div>\n\t\t\t\t<\/div>\n\t\t<div class=\"elementor-element elementor-element-8544e3f e-flex e-con-boxed e-con e-parent\" data-id=\"8544e3f\" data-element_type=\"container\" data-e-type=\"container\">\n\t\t\t\t\t<div class=\"e-con-inner\">\n\t\t<div class=\"elementor-element elementor-element-b8b742a e-con-full e-flex e-con e-child\" data-id=\"b8b742a\" data-element_type=\"container\" data-e-type=\"container\">\n\t\t<div class=\"elementor-element elementor-element-a9007b2 e-flex e-con-boxed e-con e-child\" data-id=\"a9007b2\" data-element_type=\"container\" data-e-type=\"container\">\n\t\t\t\t\t<div class=\"e-con-inner\">\n\t\t\t\t<div class=\"elementor-element elementor-element-3cc1485 elementor-widget elementor-widget-text-editor\" data-id=\"3cc1485\" data-element_type=\"widget\" data-e-type=\"widget\" data-widget_type=\"text-editor.default\">\n\t\t\t\t<div class=\"elementor-widget-container\">\n\t\t\t\t\t\t\t\t\t<p>1<\/p>\n\t\t\t\t\t\t\t\t<\/div>\n\t\t\t\t<\/div>\n\t\t\t\t<div class=\"elementor-element elementor-element-8f2a0a3 elementor-widget elementor-widget-text-editor\" data-id=\"8f2a0a3\" data-element_type=\"widget\" data-e-type=\"widget\" data-widget_type=\"text-editor.default\">\n\t\t\t\t<div class=\"elementor-widget-container\">\n\t\t\t\t\t\t\t\t\t<p>Mixez les tomates dans le bol du batteur et passez-les au chinois pour retirer toutes les peaux ainsi que les p\u00e9pins. Trempez la mie de pain dans le jus de tomate et laissez-la s\u2019imbiber.<\/p>\t\t\t\t\t\t\t\t<\/div>\n\t\t\t\t<\/div>\n\t\t\t\t\t<\/div>\n\t\t\t\t<\/div>\n\t\t<div class=\"elementor-element elementor-element-a418be2 e-flex e-con-boxed e-con e-child\" data-id=\"a418be2\" data-element_type=\"container\" data-e-type=\"container\">\n\t\t\t\t\t<div class=\"e-con-inner\">\n\t\t\t\t<div class=\"elementor-element elementor-element-4ff00ac elementor-widget elementor-widget-text-editor\" data-id=\"4ff00ac\" data-element_type=\"widget\" data-e-type=\"widget\" data-widget_type=\"text-editor.default\">\n\t\t\t\t<div class=\"elementor-widget-container\">\n\t\t\t\t\t\t\t\t\t<p>2<\/p>\n\t\t\t\t\t\t\t\t<\/div>\n\t\t\t\t<\/div>\n\t\t\t\t<div class=\"elementor-element elementor-element-82e00ed elementor-widget elementor-widget-text-editor\" data-id=\"82e00ed\" data-element_type=\"widget\" data-e-type=\"widget\" data-widget_type=\"text-editor.default\">\n\t\t\t\t<div class=\"elementor-widget-container\">\n\t\t\t\t\t\t\t\t\t<p>Ajoutez l\u2019ail hach\u00e9, l\u2019huile, le sel et le vinaigre. Mixez de nouveau jusqu\u2019\u00e0 l\u2019obtention d\u2019une cr\u00e8me \u00e9paisse. R\u00e9servez au r\u00e9frig\u00e9rateur.<\/p>\t\t\t\t\t\t\t\t<\/div>\n\t\t\t\t<\/div>\n\t\t\t\t\t<\/div>\n\t\t\t\t<\/div>\n\t\t<div class=\"elementor-element elementor-element-420b6b1 e-flex e-con-boxed e-con e-child\" data-id=\"420b6b1\" data-element_type=\"container\" data-e-type=\"container\">\n\t\t\t\t\t<div class=\"e-con-inner\">\n\t\t\t\t<div class=\"elementor-element elementor-element-be0984f elementor-widget__width-initial elementor-widget elementor-widget-text-editor\" data-id=\"be0984f\" data-element_type=\"widget\" data-e-type=\"widget\" data-widget_type=\"text-editor.default\">\n\t\t\t\t<div class=\"elementor-widget-container\">\n\t\t\t\t\t\t\t\t\t<p>3<\/p>\n\t\t\t\t\t\t\t\t<\/div>\n\t\t\t\t<\/div>\n\t\t\t\t<div class=\"elementor-element elementor-element-8e945ae elementor-widget elementor-widget-text-editor\" data-id=\"8e945ae\" data-element_type=\"widget\" data-e-type=\"widget\" data-widget_type=\"text-editor.default\">\n\t\t\t\t<div class=\"elementor-widget-container\">\n\t\t\t\t\t\t\t\t\t<p>Versez le salmorejo dans des bols et ajoutez-y les tranches de maquereau du sud de l\u2019Espagne \u00e0 l\u2019huile d\u2019olive Ortiz ainsi que les guindillas, le pain grill\u00e9 et l\u2019\u0153uf dur, le tout bien hach\u00e9.<\/p>\t\t\t\t\t\t\t\t<\/div>\n\t\t\t\t<\/div>\n\t\t\t\t\t<\/div>\n\t\t\t\t<\/div>\n\t\t\t\t<\/div>\n\t\t<div class=\"elementor-element elementor-element-2fb41a3 e-con-full e-flex e-con e-child\" data-id=\"2fb41a3\" data-element_type=\"container\" data-e-type=\"container\">\n\t\t\t\t<div class=\"elementor-element elementor-element-801d144 elementor-widget elementor-widget-image\" data-id=\"801d144\" data-element_type=\"widget\" data-e-type=\"widget\" data-widget_type=\"image.default\">\n\t\t\t\t<div class=\"elementor-widget-container\">\n\t\t\t\t\t\t\t\t\t\t\t\t\t\t\t<img loading=\"lazy\" decoding=\"async\" width=\"687\" height=\"917\" src=\"https:\/\/www.conservasortiz.com\/wp-content\/uploads\/2024\/05\/34-Salmorejo-con-caballa-en-aceite-ecologico_1-copia.webp\" class=\"attachment-large size-large wp-image-2718\" alt=\"Ortiz Mackerel Salmorejo\" srcset=\"https:\/\/www.conservasortiz.com\/wp-content\/uploads\/2024\/05\/34-Salmorejo-con-caballa-en-aceite-ecologico_1-copia.webp 687w, https:\/\/www.conservasortiz.com\/wp-content\/uploads\/2024\/05\/34-Salmorejo-con-caballa-en-aceite-ecologico_1-copia-225x300.webp 225w\" sizes=\"(max-width: 687px) 100vw, 687px\" title=\"\">\t\t\t\t\t\t\t\t\t\t\t\t\t\t\t<\/div>\n\t\t\t\t<\/div>\n\t\t\t\t<\/div>\n\t\t\t\t\t<\/div>\n\t\t\t\t<\/div>\n\t\t<div class=\"elementor-element elementor-element-47a7ca4 e-flex e-con-boxed e-con e-parent\" data-id=\"47a7ca4\" data-element_type=\"container\" data-e-type=\"container\" data-settings=\"{&quot;background_background&quot;:&quot;classic&quot;}\">\n\t\t\t\t\t<div class=\"e-con-inner\">\n\t\t<div class=\"elementor-element elementor-element-b9356cf e-con-full e-flex e-con e-child\" data-id=\"b9356cf\" data-element_type=\"container\" data-e-type=\"container\">\n\t\t\t\t<div class=\"elementor-element elementor-element-71991f1 elementor-widget elementor-widget-image\" data-id=\"71991f1\" data-element_type=\"widget\" data-e-type=\"widget\" data-widget_type=\"image.default\">\n\t\t\t\t<div class=\"elementor-widget-container\">\n\t\t\t\t\t\t\t\t\t\t\t\t\t\t\t<img loading=\"lazy\" decoding=\"async\" width=\"723\" height=\"506\" src=\"https:\/\/www.conservasortiz.com\/wp-content\/uploads\/2024\/05\/caballa-del-sur-ortiz-moment-copia.webp\" class=\"attachment-large size-large wp-image-2403\" alt=\"mackerel loins in olive oil\" srcset=\"https:\/\/www.conservasortiz.com\/wp-content\/uploads\/2024\/05\/caballa-del-sur-ortiz-moment-copia.webp 723w, https:\/\/www.conservasortiz.com\/wp-content\/uploads\/2024\/05\/caballa-del-sur-ortiz-moment-copia-300x210.webp 300w\" sizes=\"(max-width: 723px) 100vw, 723px\" title=\"\">\t\t\t\t\t\t\t\t\t\t\t\t\t\t\t<\/div>\n\t\t\t\t<\/div>\n\t\t\t\t<\/div>\n\t\t<div class=\"elementor-element elementor-element-98b374a e-con-full e-flex e-con e-child\" data-id=\"98b374a\" data-element_type=\"container\" data-e-type=\"container\">\n\t\t\t\t<div class=\"elementor-element elementor-element-6780571 elementor-widget__width-initial elementor-widget elementor-widget-heading\" data-id=\"6780571\" data-element_type=\"widget\" data-e-type=\"widget\" data-widget_type=\"heading.default\">\n\t\t\t\t<div class=\"elementor-widget-container\">\n\t\t\t\t\t<h2 class=\"elementor-heading-title elementor-size-default\">Un repas entre amis<\/h2>\t\t\t\t<\/div>\n\t\t\t\t<\/div>\n\t\t\t\t<div class=\"elementor-element elementor-element-bb3bb28 elementor-widget elementor-widget-image\" data-id=\"bb3bb28\" data-element_type=\"widget\" data-e-type=\"widget\" data-widget_type=\"image.default\">\n\t\t\t\t<div class=\"elementor-widget-container\">\n\t\t\t\t\t\t\t\t\t\t\t\t\t\t\t<img decoding=\"async\" width=\"477\" height=\"5\" src=\"https:\/\/www.conservasortiz.com\/wp-content\/uploads\/2024\/05\/Recurso-3@2x.png\" class=\"attachment-full size-full wp-image-1878\" alt=\"\" srcset=\"https:\/\/www.conservasortiz.com\/wp-content\/uploads\/2024\/05\/Recurso-3@2x.png 477w, https:\/\/www.conservasortiz.com\/wp-content\/uploads\/2024\/05\/Recurso-3@2x-300x3.png 300w\" sizes=\"(max-width: 477px) 100vw, 477px\" title=\"\">\t\t\t\t\t\t\t\t\t\t\t\t\t\t\t<\/div>\n\t\t\t\t<\/div>\n\t\t\t\t<div class=\"elementor-element elementor-element-9c62628 elementor-widget elementor-widget-text-editor\" data-id=\"9c62628\" data-element_type=\"widget\" data-e-type=\"widget\" data-widget_type=\"text-editor.default\">\n\t\t\t\t<div class=\"elementor-widget-container\">\n\t\t\t\t\t\t\t\t\t<p>Vous souhaitez surprendre vos invit\u00e9s ? Ils ne s\u2019attendent surement pas \u00e0 d\u00e9guster une assiette de maquereau du sud de l\u2019Espagne. Il sera d\u00e9licieux tout juste sorti de son bocal, mais si vous cherchez \u00e0 faire forte impression, alors laissez libre cours \u00e0 votre imagination. Son utilisation est tr\u00e8s r\u00e9pandue dans certains pays, comme l\u2019Italie. Vous pouvez l\u2019utiliser pour rehausser le go\u00fbt de vos recette de salmorejo (soupe froide andalouse), escalivada (l\u00e9gumes grill\u00e9s) ou en accompagnement de votre riz sauvage\u2026<\/p>\t\t\t\t\t\t\t\t<\/div>\n\t\t\t\t<\/div>\n\t\t\t\t<\/div>\n\t\t\t\t\t<\/div>\n\t\t\t\t<\/div>\n\t\t<div class=\"elementor-element elementor-element-812461d e-con-full e-flex e-con e-parent\" data-id=\"812461d\" data-element_type=\"container\" data-e-type=\"container\" data-settings=\"{&quot;background_background&quot;:&quot;classic&quot;}\">\n\t\t\t\t<div class=\"elementor-element elementor-element-8bf1a39 elementor-widget__width-initial elementor-widget elementor-widget-heading\" data-id=\"8bf1a39\" data-element_type=\"widget\" data-e-type=\"widget\" data-widget_type=\"heading.default\">\n\t\t\t\t<div class=\"elementor-widget-container\">\n\t\t\t\t\t<h4 class=\"elementor-heading-title elementor-size-default\">Autres recettes<\/h4>\t\t\t\t<\/div>\n\t\t\t\t<\/div>\n\t\t\t\t<div class=\"elementor-element elementor-element-cdb8418 elementor-widget elementor-widget-image\" data-id=\"cdb8418\" data-element_type=\"widget\" data-e-type=\"widget\" data-widget_type=\"image.default\">\n\t\t\t\t<div class=\"elementor-widget-container\">\n\t\t\t\t\t\t\t\t\t\t\t\t\t\t\t<img decoding=\"async\" width=\"477\" height=\"5\" src=\"https:\/\/www.conservasortiz.com\/wp-content\/uploads\/2024\/05\/Recurso-3@2x.png\" class=\"attachment-full size-full wp-image-1878\" alt=\"\" srcset=\"https:\/\/www.conservasortiz.com\/wp-content\/uploads\/2024\/05\/Recurso-3@2x.png 477w, https:\/\/www.conservasortiz.com\/wp-content\/uploads\/2024\/05\/Recurso-3@2x-300x3.png 300w\" sizes=\"(max-width: 477px) 100vw, 477px\" title=\"\">\t\t\t\t\t\t\t\t\t\t\t\t\t\t\t<\/div>\n\t\t\t\t<\/div>\n\t\t\t\t<div class=\"elementor-element elementor-element-6dd7ae5 elementor-pagination-type-bullets elementor-arrows-position-inside elementor-pagination-position-outside elementor-widget elementor-widget-loop-carousel\" data-id=\"6dd7ae5\" data-element_type=\"widget\" data-e-type=\"widget\" data-settings=\"{&quot;template_id&quot;:5942,&quot;_skin&quot;:&quot;post&quot;,&quot;slides_to_show&quot;:&quot;3&quot;,&quot;slides_to_show_tablet&quot;:&quot;2&quot;,&quot;slides_to_show_mobile&quot;:&quot;1&quot;,&quot;slides_to_scroll&quot;:&quot;1&quot;,&quot;edit_handle_selector&quot;:&quot;.elementor-loop-container&quot;,&quot;autoplay&quot;:&quot;yes&quot;,&quot;autoplay_speed&quot;:5000,&quot;pause_on_hover&quot;:&quot;yes&quot;,&quot;pause_on_interaction&quot;:&quot;yes&quot;,&quot;infinite&quot;:&quot;yes&quot;,&quot;speed&quot;:500,&quot;offset_sides&quot;:&quot;none&quot;,&quot;arrows&quot;:&quot;yes&quot;,&quot;pagination&quot;:&quot;bullets&quot;,&quot;image_spacing_custom&quot;:{&quot;unit&quot;:&quot;px&quot;,&quot;size&quot;:10,&quot;sizes&quot;:[]},&quot;image_spacing_custom_tablet&quot;:{&quot;unit&quot;:&quot;px&quot;,&quot;size&quot;:&quot;&quot;,&quot;sizes&quot;:[]},&quot;image_spacing_custom_mobile&quot;:{&quot;unit&quot;:&quot;px&quot;,&quot;size&quot;:&quot;&quot;,&quot;sizes&quot;:[]}}\" data-widget_type=\"loop-carousel.post\">\n\t\t\t\t<div class=\"elementor-widget-container\">\n\t\t\t\t\t\t\t<div class=\"swiper elementor-loop-container elementor-grid\" role=\"list\" dir=\"ltr\">\n\t\t\t\t<div class=\"swiper-wrapper\" aria-live=\"off\">\n\t\t<style id=\"loop-5942\">.elementor-5942 .elementor-element.elementor-element-eede7b3{--display:flex;}.elementor-widget-image .widget-image-caption{color:var( --e-global-color-text );font-family:var( --e-global-typography-text-font-family ), Sans-serif;font-weight:var( --e-global-typography-text-font-weight );}.elementor-widget-heading .elementor-heading-title{font-family:var( --e-global-typography-primary-font-family ), Sans-serif;font-weight:var( --e-global-typography-primary-font-weight );color:var( --e-global-color-primary );}.elementor-5942 .elementor-element.elementor-element-961acc7{text-align:center;}.elementor-5942 .elementor-element.elementor-element-961acc7 .elementor-heading-title{font-family:\"Open Sans\", Sans-serif;font-size:14px;font-weight:700;color:#DD0015;}.elementor-5942 .elementor-element.elementor-element-3e315a2{text-align:center;width:var( --container-widget-width, 362px );max-width:362px;--container-widget-width:362px;--container-widget-flex-grow:0;}.elementor-5942 .elementor-element.elementor-element-3e315a2 .elementor-heading-title{font-family:\"Playfair Display\", Sans-serif;font-size:24px;font-weight:700;color:#042097;}.elementor-5942 .elementor-element.elementor-element-3e315a2 > .elementor-widget-container{padding:15px 15px 15px 15px;background-image:url(\"https:\/\/www.conservasortiz.com\/wp-content\/uploads\/2024\/05\/2-Recurso-1@2x-150x150.webp\");}.elementor-5942 .elementor-element.elementor-element-3e315a2.elementor-element{--align-self:center;}<\/style>\t\t<div data-elementor-type=\"loop-item\" data-elementor-id=\"5942\" class=\"elementor elementor-5942 elementor-2993 elementor-2993 swiper-slide e-loop-item e-loop-item-17221 post-17221 post type-post status-publish format-standard has-post-thumbnail hentry category-recettes category-menos-de-una-hora-fr category-nivel-cocinillas-fr category-thon-blanc-germon\" data-elementor-post-type=\"elementor_library\" role=\"group\" aria-roledescription=\"slide\" data-custom-edit-handle=\"1\">\n\t\t\t<div class=\"elementor-element elementor-element-eede7b3 e-flex e-con-boxed e-con e-parent\" data-id=\"eede7b3\" data-element_type=\"container\" data-e-type=\"container\" data-settings=\"{&quot;background_background&quot;:&quot;classic&quot;}\">\n\t\t\t\t\t<div class=\"e-con-inner\">\n\t\t\t\t<div class=\"elementor-element elementor-element-7a1ef23 elementor-widget elementor-widget-image\" data-id=\"7a1ef23\" data-element_type=\"widget\" data-e-type=\"widget\" data-widget_type=\"image.default\">\n\t\t\t\t<div class=\"elementor-widget-container\">\n\t\t\t\t\t\t\t\t\t\t\t\t\t\t\t\t<a href=\"https:\/\/www.conservasortiz.com\/fr\/recettes\/bouillon-de-riz-au-thon-blanc-germon\/\">\n\t\t\t\t\t\t\t<img loading=\"lazy\" decoding=\"async\" width=\"1088\" height=\"501\" src=\"https:\/\/www.conservasortiz.com\/wp-content\/uploads\/2025\/08\/Receta-de-Arroz-caldoso-con-Bonito-del-Norte.webp\" class=\"attachment-full size-full wp-image-17205\" alt=\"\" srcset=\"https:\/\/www.conservasortiz.com\/wp-content\/uploads\/2025\/08\/Receta-de-Arroz-caldoso-con-Bonito-del-Norte.webp 1088w, https:\/\/www.conservasortiz.com\/wp-content\/uploads\/2025\/08\/Receta-de-Arroz-caldoso-con-Bonito-del-Norte-300x138.webp 300w, https:\/\/www.conservasortiz.com\/wp-content\/uploads\/2025\/08\/Receta-de-Arroz-caldoso-con-Bonito-del-Norte-1024x472.webp 1024w, https:\/\/www.conservasortiz.com\/wp-content\/uploads\/2025\/08\/Receta-de-Arroz-caldoso-con-Bonito-del-Norte-768x354.webp 768w\" sizes=\"(max-width: 1088px) 100vw, 1088px\" title=\"\">\t\t\t\t\t\t\t\t<\/a>\n\t\t\t\t\t\t\t\t\t\t\t\t\t\t\t<\/div>\n\t\t\t\t<\/div>\n\t\t\t\t<div class=\"elementor-element elementor-element-961acc7 elementor-widget elementor-widget-heading\" data-id=\"961acc7\" data-element_type=\"widget\" data-e-type=\"widget\" data-widget_type=\"heading.default\">\n\t\t\t\t<div class=\"elementor-widget-container\">\n\t\t\t\t\t<h2 class=\"elementor-heading-title elementor-size-default\"><a href=\"https:\/\/www.conservasortiz.com\/fr\/recettes\/bouillon-de-riz-au-thon-blanc-germon\/\">RECETTE<\/a><\/h2>\t\t\t\t<\/div>\n\t\t\t\t<\/div>\n\t\t\t\t<div class=\"elementor-element elementor-element-3e315a2 elementor-widget__width-initial elementor-widget elementor-widget-heading\" data-id=\"3e315a2\" data-element_type=\"widget\" data-e-type=\"widget\" data-widget_type=\"heading.default\">\n\t\t\t\t<div class=\"elementor-widget-container\">\n\t\t\t\t\t<h3 class=\"elementor-heading-title elementor-size-default\"><a href=\"https:\/\/www.conservasortiz.com\/fr\/recettes\/bouillon-de-riz-au-thon-blanc-germon\/\">Bouillon de riz au thon blanc Germon<\/a><\/h3>\t\t\t\t<\/div>\n\t\t\t\t<\/div>\n\t\t\t\t\t<\/div>\n\t\t\t\t<\/div>\n\t\t\t\t<\/div>\n\t\t\t\t<div data-elementor-type=\"loop-item\" data-elementor-id=\"5942\" class=\"elementor elementor-5942 elementor-2993 elementor-2993 swiper-slide e-loop-item e-loop-item-3927 post-3927 post type-post status-publish format-standard has-post-thumbnail hentry category-recettes category-thon-blanc-germon tag-idees-faciles tag-moins-de-trente-minutes\" data-elementor-post-type=\"elementor_library\" role=\"group\" aria-roledescription=\"slide\" data-custom-edit-handle=\"1\">\n\t\t\t<div class=\"elementor-element elementor-element-eede7b3 e-flex e-con-boxed e-con e-parent\" data-id=\"eede7b3\" data-element_type=\"container\" data-e-type=\"container\" data-settings=\"{&quot;background_background&quot;:&quot;classic&quot;}\">\n\t\t\t\t\t<div class=\"e-con-inner\">\n\t\t\t\t<div class=\"elementor-element elementor-element-7a1ef23 elementor-widget elementor-widget-image\" data-id=\"7a1ef23\" data-element_type=\"widget\" data-e-type=\"widget\" data-widget_type=\"image.default\">\n\t\t\t\t<div class=\"elementor-widget-container\">\n\t\t\t\t\t\t\t\t\t\t\t\t\t\t\t\t<a href=\"https:\/\/www.conservasortiz.com\/fr\/recettes\/thon-blanc-germon-et-vinaigrette-de-legumes\/\">\n\t\t\t\t\t\t\t<img loading=\"lazy\" decoding=\"async\" width=\"1088\" height=\"501\" src=\"https:\/\/www.conservasortiz.com\/wp-content\/uploads\/2024\/05\/18-Tacos-de-bonito-del-norte-con-vinagreta-de-verduritas-copia.webp\" class=\"attachment-full size-full wp-image-1938\" alt=\"18-Tacos-de-bonito-del-norte-con-vinagreta-de-verduritas-copia\" srcset=\"https:\/\/www.conservasortiz.com\/wp-content\/uploads\/2024\/05\/18-Tacos-de-bonito-del-norte-con-vinagreta-de-verduritas-copia.webp 1088w, https:\/\/www.conservasortiz.com\/wp-content\/uploads\/2024\/05\/18-Tacos-de-bonito-del-norte-con-vinagreta-de-verduritas-copia-300x138.webp 300w, https:\/\/www.conservasortiz.com\/wp-content\/uploads\/2024\/05\/18-Tacos-de-bonito-del-norte-con-vinagreta-de-verduritas-copia-1024x472.webp 1024w, https:\/\/www.conservasortiz.com\/wp-content\/uploads\/2024\/05\/18-Tacos-de-bonito-del-norte-con-vinagreta-de-verduritas-copia-768x354.webp 768w\" sizes=\"(max-width: 1088px) 100vw, 1088px\" title=\"\">\t\t\t\t\t\t\t\t<\/a>\n\t\t\t\t\t\t\t\t\t\t\t\t\t\t\t<\/div>\n\t\t\t\t<\/div>\n\t\t\t\t<div class=\"elementor-element elementor-element-961acc7 elementor-widget elementor-widget-heading\" data-id=\"961acc7\" data-element_type=\"widget\" data-e-type=\"widget\" data-widget_type=\"heading.default\">\n\t\t\t\t<div class=\"elementor-widget-container\">\n\t\t\t\t\t<h2 class=\"elementor-heading-title elementor-size-default\"><a href=\"https:\/\/www.conservasortiz.com\/fr\/recettes\/thon-blanc-germon-et-vinaigrette-de-legumes\/\">RECETTE<\/a><\/h2>\t\t\t\t<\/div>\n\t\t\t\t<\/div>\n\t\t\t\t<div class=\"elementor-element elementor-element-3e315a2 elementor-widget__width-initial elementor-widget elementor-widget-heading\" data-id=\"3e315a2\" data-element_type=\"widget\" data-e-type=\"widget\" data-widget_type=\"heading.default\">\n\t\t\t\t<div class=\"elementor-widget-container\">\n\t\t\t\t\t<h3 class=\"elementor-heading-title elementor-size-default\"><a href=\"https:\/\/www.conservasortiz.com\/fr\/recettes\/thon-blanc-germon-et-vinaigrette-de-legumes\/\">Thon blanc germon et vinaigrette de l\u00e9gumes<\/a><\/h3>\t\t\t\t<\/div>\n\t\t\t\t<\/div>\n\t\t\t\t\t<\/div>\n\t\t\t\t<\/div>\n\t\t\t\t<\/div>\n\t\t\t\t<div data-elementor-type=\"loop-item\" data-elementor-id=\"5942\" class=\"elementor elementor-5942 elementor-2993 elementor-2993 swiper-slide e-loop-item e-loop-item-3975 post-3975 post type-post status-publish format-standard has-post-thumbnail hentry category-recettes category-menos-de-una-hora-fr category-nivel-cocinillas-fr category-thon-blanc-germon tag-idees-pour-les-marmitons tag-moins-dune-heure\" data-elementor-post-type=\"elementor_library\" role=\"group\" aria-roledescription=\"slide\" data-custom-edit-handle=\"1\">\n\t\t\t<div class=\"elementor-element elementor-element-eede7b3 e-flex e-con-boxed e-con e-parent\" data-id=\"eede7b3\" data-element_type=\"container\" data-e-type=\"container\" data-settings=\"{&quot;background_background&quot;:&quot;classic&quot;}\">\n\t\t\t\t\t<div class=\"e-con-inner\">\n\t\t\t\t<div class=\"elementor-element elementor-element-7a1ef23 elementor-widget elementor-widget-image\" data-id=\"7a1ef23\" data-element_type=\"widget\" data-e-type=\"widget\" data-widget_type=\"image.default\">\n\t\t\t\t<div class=\"elementor-widget-container\">\n\t\t\t\t\t\t\t\t\t\t\t\t\t\t\t\t<a href=\"https:\/\/www.conservasortiz.com\/fr\/recettes\/pommes-de-terre-des-canaries-ouvertes-au-thon-blanc-germon-et-mojo\/\">\n\t\t\t\t\t\t\t<img loading=\"lazy\" decoding=\"async\" width=\"1088\" height=\"501\" src=\"https:\/\/www.conservasortiz.com\/wp-content\/uploads\/2024\/05\/15-Papitas-canarias-abiertas-con-bonito-y-mojo-verde-copia.webp\" class=\"attachment-full size-full wp-image-1962\" alt=\"Patatine canarie aperte con tonno bianco Ortiz e salsa mojo\" srcset=\"https:\/\/www.conservasortiz.com\/wp-content\/uploads\/2024\/05\/15-Papitas-canarias-abiertas-con-bonito-y-mojo-verde-copia.webp 1088w, https:\/\/www.conservasortiz.com\/wp-content\/uploads\/2024\/05\/15-Papitas-canarias-abiertas-con-bonito-y-mojo-verde-copia-300x138.webp 300w, https:\/\/www.conservasortiz.com\/wp-content\/uploads\/2024\/05\/15-Papitas-canarias-abiertas-con-bonito-y-mojo-verde-copia-1024x472.webp 1024w, https:\/\/www.conservasortiz.com\/wp-content\/uploads\/2024\/05\/15-Papitas-canarias-abiertas-con-bonito-y-mojo-verde-copia-768x354.webp 768w\" sizes=\"(max-width: 1088px) 100vw, 1088px\" title=\"\">\t\t\t\t\t\t\t\t<\/a>\n\t\t\t\t\t\t\t\t\t\t\t\t\t\t\t<\/div>\n\t\t\t\t<\/div>\n\t\t\t\t<div class=\"elementor-element elementor-element-961acc7 elementor-widget elementor-widget-heading\" data-id=\"961acc7\" data-element_type=\"widget\" data-e-type=\"widget\" data-widget_type=\"heading.default\">\n\t\t\t\t<div class=\"elementor-widget-container\">\n\t\t\t\t\t<h2 class=\"elementor-heading-title elementor-size-default\"><a href=\"https:\/\/www.conservasortiz.com\/fr\/recettes\/pommes-de-terre-des-canaries-ouvertes-au-thon-blanc-germon-et-mojo\/\">RECETTE<\/a><\/h2>\t\t\t\t<\/div>\n\t\t\t\t<\/div>\n\t\t\t\t<div class=\"elementor-element elementor-element-3e315a2 elementor-widget__width-initial elementor-widget elementor-widget-heading\" data-id=\"3e315a2\" data-element_type=\"widget\" data-e-type=\"widget\" data-widget_type=\"heading.default\">\n\t\t\t\t<div class=\"elementor-widget-container\">\n\t\t\t\t\t<h3 class=\"elementor-heading-title elementor-size-default\"><a href=\"https:\/\/www.conservasortiz.com\/fr\/recettes\/pommes-de-terre-des-canaries-ouvertes-au-thon-blanc-germon-et-mojo\/\">Pommes de terre des Canaries ouvertes au thon blanc germon et mojo<\/a><\/h3>\t\t\t\t<\/div>\n\t\t\t\t<\/div>\n\t\t\t\t\t<\/div>\n\t\t\t\t<\/div>\n\t\t\t\t<\/div>\n\t\t\t\t<div data-elementor-type=\"loop-item\" data-elementor-id=\"5942\" class=\"elementor elementor-5942 elementor-2993 elementor-2993 swiper-slide e-loop-item e-loop-item-3929 post-3929 post type-post status-publish format-standard has-post-thumbnail hentry category-recettes category-thon-blanc-germon tag-idees-faciles tag-moins-de-trente-minutes\" data-elementor-post-type=\"elementor_library\" role=\"group\" aria-roledescription=\"slide\" data-custom-edit-handle=\"1\">\n\t\t\t<div class=\"elementor-element elementor-element-eede7b3 e-flex e-con-boxed e-con e-parent\" data-id=\"eede7b3\" data-element_type=\"container\" data-e-type=\"container\" data-settings=\"{&quot;background_background&quot;:&quot;classic&quot;}\">\n\t\t\t\t\t<div class=\"e-con-inner\">\n\t\t\t\t<div class=\"elementor-element elementor-element-7a1ef23 elementor-widget elementor-widget-image\" data-id=\"7a1ef23\" data-element_type=\"widget\" data-e-type=\"widget\" data-widget_type=\"image.default\">\n\t\t\t\t<div class=\"elementor-widget-container\">\n\t\t\t\t\t\t\t\t\t\t\t\t\t\t\t\t<a href=\"https:\/\/www.conservasortiz.com\/fr\/recettes\/toast-tomate-avocat-et-thon-blanc-germon\/\">\n\t\t\t\t\t\t\t<img loading=\"lazy\" decoding=\"async\" width=\"1088\" height=\"501\" src=\"https:\/\/www.conservasortiz.com\/wp-content\/uploads\/2024\/05\/17-Tosta-de-tomate-aguacate-y-bonito-copia-1.webp\" class=\"attachment-full size-full wp-image-2736\" alt=\"17-Tosta-de-tomate-aguacate-y-bonito-copia (1)\" srcset=\"https:\/\/www.conservasortiz.com\/wp-content\/uploads\/2024\/05\/17-Tosta-de-tomate-aguacate-y-bonito-copia-1.webp 1088w, https:\/\/www.conservasortiz.com\/wp-content\/uploads\/2024\/05\/17-Tosta-de-tomate-aguacate-y-bonito-copia-1-300x138.webp 300w, https:\/\/www.conservasortiz.com\/wp-content\/uploads\/2024\/05\/17-Tosta-de-tomate-aguacate-y-bonito-copia-1-1024x472.webp 1024w, https:\/\/www.conservasortiz.com\/wp-content\/uploads\/2024\/05\/17-Tosta-de-tomate-aguacate-y-bonito-copia-1-768x354.webp 768w\" sizes=\"(max-width: 1088px) 100vw, 1088px\" title=\"\">\t\t\t\t\t\t\t\t<\/a>\n\t\t\t\t\t\t\t\t\t\t\t\t\t\t\t<\/div>\n\t\t\t\t<\/div>\n\t\t\t\t<div class=\"elementor-element elementor-element-961acc7 elementor-widget elementor-widget-heading\" data-id=\"961acc7\" data-element_type=\"widget\" data-e-type=\"widget\" data-widget_type=\"heading.default\">\n\t\t\t\t<div class=\"elementor-widget-container\">\n\t\t\t\t\t<h2 class=\"elementor-heading-title elementor-size-default\"><a href=\"https:\/\/www.conservasortiz.com\/fr\/recettes\/toast-tomate-avocat-et-thon-blanc-germon\/\">RECETTE<\/a><\/h2>\t\t\t\t<\/div>\n\t\t\t\t<\/div>\n\t\t\t\t<div class=\"elementor-element elementor-element-3e315a2 elementor-widget__width-initial elementor-widget elementor-widget-heading\" data-id=\"3e315a2\" data-element_type=\"widget\" data-e-type=\"widget\" data-widget_type=\"heading.default\">\n\t\t\t\t<div class=\"elementor-widget-container\">\n\t\t\t\t\t<h3 class=\"elementor-heading-title elementor-size-default\"><a href=\"https:\/\/www.conservasortiz.com\/fr\/recettes\/toast-tomate-avocat-et-thon-blanc-germon\/\">Toast tomate, avocat et thon blanc germon<\/a><\/h3>\t\t\t\t<\/div>\n\t\t\t\t<\/div>\n\t\t\t\t\t<\/div>\n\t\t\t\t<\/div>\n\t\t\t\t<\/div>\n\t\t\t\t<div data-elementor-type=\"loop-item\" data-elementor-id=\"5942\" class=\"elementor elementor-5942 elementor-2993 elementor-2993 swiper-slide e-loop-item e-loop-item-17355 post-17355 post type-post status-publish format-standard has-post-thumbnail hentry category-recettes category-menos-de-una-hora-fr category-non-classifiee category-thon-blanc-germon category-ventresca-thon-blanc\" data-elementor-post-type=\"elementor_library\" role=\"group\" aria-roledescription=\"slide\" data-custom-edit-handle=\"1\">\n\t\t\t<div class=\"elementor-element elementor-element-eede7b3 e-flex e-con-boxed e-con e-parent\" data-id=\"eede7b3\" data-element_type=\"container\" data-e-type=\"container\" data-settings=\"{&quot;background_background&quot;:&quot;classic&quot;}\">\n\t\t\t\t\t<div class=\"e-con-inner\">\n\t\t\t\t<div class=\"elementor-element elementor-element-7a1ef23 elementor-widget elementor-widget-image\" data-id=\"7a1ef23\" data-element_type=\"widget\" data-e-type=\"widget\" data-widget_type=\"image.default\">\n\t\t\t\t<div class=\"elementor-widget-container\">\n\t\t\t\t\t\t\t\t\t\t\t\t\t\t\t\t<a href=\"https:\/\/www.conservasortiz.com\/fr\/recettes\/creme-de-potiron-a-la-ventreche-de-thon-blanc-germon\/\">\n\t\t\t\t\t\t\t<img loading=\"lazy\" decoding=\"async\" width=\"1088\" height=\"501\" src=\"https:\/\/www.conservasortiz.com\/wp-content\/uploads\/2025\/08\/Crema-de-Calabaza-con-Ventresca-de-Bonito-del-Norte-Ortiz.webp\" class=\"attachment-full size-full wp-image-17362\" alt=\"Crema de Calabaza con Ventresca de Bonito del Norte Ortiz\" srcset=\"https:\/\/www.conservasortiz.com\/wp-content\/uploads\/2025\/08\/Crema-de-Calabaza-con-Ventresca-de-Bonito-del-Norte-Ortiz.webp 1088w, https:\/\/www.conservasortiz.com\/wp-content\/uploads\/2025\/08\/Crema-de-Calabaza-con-Ventresca-de-Bonito-del-Norte-Ortiz-300x138.webp 300w, https:\/\/www.conservasortiz.com\/wp-content\/uploads\/2025\/08\/Crema-de-Calabaza-con-Ventresca-de-Bonito-del-Norte-Ortiz-1024x472.webp 1024w, https:\/\/www.conservasortiz.com\/wp-content\/uploads\/2025\/08\/Crema-de-Calabaza-con-Ventresca-de-Bonito-del-Norte-Ortiz-768x354.webp 768w\" sizes=\"(max-width: 1088px) 100vw, 1088px\" title=\"\">\t\t\t\t\t\t\t\t<\/a>\n\t\t\t\t\t\t\t\t\t\t\t\t\t\t\t<\/div>\n\t\t\t\t<\/div>\n\t\t\t\t<div class=\"elementor-element elementor-element-961acc7 elementor-widget elementor-widget-heading\" data-id=\"961acc7\" data-element_type=\"widget\" data-e-type=\"widget\" data-widget_type=\"heading.default\">\n\t\t\t\t<div class=\"elementor-widget-container\">\n\t\t\t\t\t<h2 class=\"elementor-heading-title elementor-size-default\"><a href=\"https:\/\/www.conservasortiz.com\/fr\/recettes\/creme-de-potiron-a-la-ventreche-de-thon-blanc-germon\/\">RECETTE<\/a><\/h2>\t\t\t\t<\/div>\n\t\t\t\t<\/div>\n\t\t\t\t<div class=\"elementor-element elementor-element-3e315a2 elementor-widget__width-initial elementor-widget elementor-widget-heading\" data-id=\"3e315a2\" data-element_type=\"widget\" data-e-type=\"widget\" data-widget_type=\"heading.default\">\n\t\t\t\t<div class=\"elementor-widget-container\">\n\t\t\t\t\t<h3 class=\"elementor-heading-title elementor-size-default\"><a href=\"https:\/\/www.conservasortiz.com\/fr\/recettes\/creme-de-potiron-a-la-ventreche-de-thon-blanc-germon\/\">Cr\u00e8me de potiron \u00e0 la ventr\u00e8che de thon blanc germon.<\/a><\/h3>\t\t\t\t<\/div>\n\t\t\t\t<\/div>\n\t\t\t\t\t<\/div>\n\t\t\t\t<\/div>\n\t\t\t\t<\/div>\n\t\t\t\t<div data-elementor-type=\"loop-item\" data-elementor-id=\"5942\" class=\"elementor elementor-5942 elementor-2993 elementor-2993 swiper-slide e-loop-item e-loop-item-17349 post-17349 post type-post status-publish format-standard has-post-thumbnail hentry category-recettes category-a-lhuile-dolive-thon-blanc-germon category-menos-de-una-hora-fr category-non-classifiee category-thon-blanc-germon\" data-elementor-post-type=\"elementor_library\" role=\"group\" aria-roledescription=\"slide\" data-custom-edit-handle=\"1\">\n\t\t\t<div class=\"elementor-element elementor-element-eede7b3 e-flex e-con-boxed e-con e-parent\" data-id=\"eede7b3\" data-element_type=\"container\" data-e-type=\"container\" data-settings=\"{&quot;background_background&quot;:&quot;classic&quot;}\">\n\t\t\t\t\t<div class=\"e-con-inner\">\n\t\t\t\t<div class=\"elementor-element elementor-element-7a1ef23 elementor-widget elementor-widget-image\" data-id=\"7a1ef23\" data-element_type=\"widget\" data-e-type=\"widget\" data-widget_type=\"image.default\">\n\t\t\t\t<div class=\"elementor-widget-container\">\n\t\t\t\t\t\t\t\t\t\t\t\t\t\t\t\t<a href=\"https:\/\/www.conservasortiz.com\/fr\/recettes\/troncs-de-courgettes-farcis-a-la-creme-de-thon-blanc-germon\/\">\n\t\t\t\t\t\t\t<img loading=\"lazy\" decoding=\"async\" width=\"1047\" height=\"501\" src=\"https:\/\/www.conservasortiz.com\/wp-content\/uploads\/2025\/08\/Tronquitos-de-Calabacion-con-Bonito-del-Norte-Ortiz.webp\" class=\"attachment-full size-full wp-image-17366\" alt=\"Tronquitos de Calabaci\u00f3n con Bonito del Norte Ortiz\" srcset=\"https:\/\/www.conservasortiz.com\/wp-content\/uploads\/2025\/08\/Tronquitos-de-Calabacion-con-Bonito-del-Norte-Ortiz.webp 1047w, https:\/\/www.conservasortiz.com\/wp-content\/uploads\/2025\/08\/Tronquitos-de-Calabacion-con-Bonito-del-Norte-Ortiz-300x144.webp 300w, https:\/\/www.conservasortiz.com\/wp-content\/uploads\/2025\/08\/Tronquitos-de-Calabacion-con-Bonito-del-Norte-Ortiz-1024x490.webp 1024w, https:\/\/www.conservasortiz.com\/wp-content\/uploads\/2025\/08\/Tronquitos-de-Calabacion-con-Bonito-del-Norte-Ortiz-768x367.webp 768w\" sizes=\"(max-width: 1047px) 100vw, 1047px\" title=\"\">\t\t\t\t\t\t\t\t<\/a>\n\t\t\t\t\t\t\t\t\t\t\t\t\t\t\t<\/div>\n\t\t\t\t<\/div>\n\t\t\t\t<div class=\"elementor-element elementor-element-961acc7 elementor-widget elementor-widget-heading\" data-id=\"961acc7\" data-element_type=\"widget\" data-e-type=\"widget\" data-widget_type=\"heading.default\">\n\t\t\t\t<div class=\"elementor-widget-container\">\n\t\t\t\t\t<h2 class=\"elementor-heading-title elementor-size-default\"><a href=\"https:\/\/www.conservasortiz.com\/fr\/recettes\/troncs-de-courgettes-farcis-a-la-creme-de-thon-blanc-germon\/\">RECETTE<\/a><\/h2>\t\t\t\t<\/div>\n\t\t\t\t<\/div>\n\t\t\t\t<div class=\"elementor-element elementor-element-3e315a2 elementor-widget__width-initial elementor-widget elementor-widget-heading\" data-id=\"3e315a2\" data-element_type=\"widget\" data-e-type=\"widget\" data-widget_type=\"heading.default\">\n\t\t\t\t<div class=\"elementor-widget-container\">\n\t\t\t\t\t<h3 class=\"elementor-heading-title elementor-size-default\"><a href=\"https:\/\/www.conservasortiz.com\/fr\/recettes\/troncs-de-courgettes-farcis-a-la-creme-de-thon-blanc-germon\/\">Troncs de courgettes farcis \u00e0 la cr\u00e8me de Thon Blanc Germon<\/a><\/h3>\t\t\t\t<\/div>\n\t\t\t\t<\/div>\n\t\t\t\t\t<\/div>\n\t\t\t\t<\/div>\n\t\t\t\t<\/div>\n\t\t\t\t<\/div>\n\t\t<\/div>\n\t\t\t\t\t<div class=\"elementor-swiper-button elementor-swiper-button-prev\" role=\"button\" tabindex=\"0\" aria-label=\"Pr\u00e9c\u00e9dent\">\n\t\t\t\t<svg aria-hidden=\"true\" class=\"e-font-icon-svg e-eicon-chevron-left\" viewBox=\"0 0 1000 1000\" xmlns=\"http:\/\/www.w3.org\/2000\/svg\"><path d=\"M646 125C629 125 613 133 604 142L308 442C296 454 292 471 292 487 292 504 296 521 308 533L604 854C617 867 629 875 646 875 663 875 679 871 692 858 704 846 713 829 713 812 713 796 708 779 692 767L438 487 692 225C700 217 708 204 708 187 708 171 704 154 692 142 675 129 663 125 646 125Z\"><\/path><\/svg>\t\t\t<\/div>\n\t\t\t<div class=\"elementor-swiper-button elementor-swiper-button-next\" role=\"button\" tabindex=\"0\" aria-label=\"Suivant\">\n\t\t\t\t<svg aria-hidden=\"true\" class=\"e-font-icon-svg e-eicon-chevron-right\" viewBox=\"0 0 1000 1000\" xmlns=\"http:\/\/www.w3.org\/2000\/svg\"><path d=\"M696 533C708 521 713 504 713 487 713 471 708 454 696 446L400 146C388 133 375 125 354 125 338 125 325 129 313 142 300 154 292 171 292 187 292 204 296 221 308 233L563 492 304 771C292 783 288 800 288 817 288 833 296 850 308 863 321 871 338 875 354 875 371 875 388 867 400 854L696 533Z\"><\/path><\/svg>\t\t\t<\/div>\n\t\t\t\t\t<div class=\"swiper-pagination\"><\/div>\n\t\t\t\t\t\t<\/div>\n\t\t\t\t<\/div>\n\t\t\t\t<\/div>\n\t\t\t\t<\/div>\n\t\t","protected":false},"excerpt":{"rendered":"<p>Salmorejo (soupe froide andalouse) au maquereau du sud de l\u2019Espagne Ingr\u00e9dients 4 Pour 4 personnes1 kg de tomates mures200 g de pain de la veille\u00bd gousse d\u2019ail200 ml d\u2019huile d\u2019olive2 cuill\u00e8res \u00e0 caf\u00e9 de vinaigreSel Pour la garniture :1 bocal de maquereau du sud de l\u2019Espagne \u00e0 l\u2019huile d\u2019olive Ortiz2 tranches de pain grill\u00e92 guindillas1 [&hellip;]<\/p>\n","protected":false},"author":1,"featured_media":2091,"comment_status":"closed","ping_status":"closed","sticky":false,"template":"","format":"standard","meta":{"_acf_changed":false,"footnotes":""},"categories":[90,96],"tags":[125,128],"class_list":["post-3935","post","type-post","status-publish","format-standard","has-post-thumbnail","hentry","category-recettes","category-maquereau-du-sud-de-lespagne","tag-idees-faciles","tag-moins-de-trente-minutes"],"acf":[],"_links":{"self":[{"href":"https:\/\/www.conservasortiz.com\/fr\/wp-json\/wp\/v2\/posts\/3935","targetHints":{"allow":["GET"]}}],"collection":[{"href":"https:\/\/www.conservasortiz.com\/fr\/wp-json\/wp\/v2\/posts"}],"about":[{"href":"https:\/\/www.conservasortiz.com\/fr\/wp-json\/wp\/v2\/types\/post"}],"author":[{"embeddable":true,"href":"https:\/\/www.conservasortiz.com\/fr\/wp-json\/wp\/v2\/users\/1"}],"replies":[{"embeddable":true,"href":"https:\/\/www.conservasortiz.com\/fr\/wp-json\/wp\/v2\/comments?post=3935"}],"version-history":[{"count":4,"href":"https:\/\/www.conservasortiz.com\/fr\/wp-json\/wp\/v2\/posts\/3935\/revisions"}],"predecessor-version":[{"id":14490,"href":"https:\/\/www.conservasortiz.com\/fr\/wp-json\/wp\/v2\/posts\/3935\/revisions\/14490"}],"wp:featuredmedia":[{"embeddable":true,"href":"https:\/\/www.conservasortiz.com\/fr\/wp-json\/wp\/v2\/media\/2091"}],"wp:attachment":[{"href":"https:\/\/www.conservasortiz.com\/fr\/wp-json\/wp\/v2\/media?parent=3935"}],"wp:term":[{"taxonomy":"category","embeddable":true,"href":"https:\/\/www.conservasortiz.com\/fr\/wp-json\/wp\/v2\/categories?post=3935"},{"taxonomy":"post_tag","embeddable":true,"href":"https:\/\/www.conservasortiz.com\/fr\/wp-json\/wp\/v2\/tags?post=3935"}],"curies":[{"name":"wp","href":"https:\/\/api.w.org\/{rel}","templated":true}]}}